{"id":1963,"date":"2021-11-01T23:19:23","date_gmt":"2021-11-01T22:19:23","guid":{"rendered":"http:\/\/stbesancon.fr\/?p=1963"},"modified":"2025-02-20T13:36:47","modified_gmt":"2025-02-20T12:36:47","slug":"seances-de-decouverte-du-tir-sportif","status":"publish","type":"post","link":"https:\/\/stbesancon.fr\/?p=1963","title":{"rendered":"S\u00e9ances de d\u00e9couverte du tir sportif"},"content":{"rendered":"\n<p>Vous recherchez une activit\u00e9 pour cr\u00e9er un moment ludique au sein de votre entreprise? Comit\u00e9 d\u2019entreprise, responsable d\u2019une soci\u00e9t\u00e9, repr\u00e9sentant d\u2019un groupe d\u2019amis ou familial, venez faire une s\u00e9ance d&rsquo;initiation au tir sportif.<\/p>\n\n\n\n<p>Encadr\u00e9s par des moniteurs dipl\u00f4m\u00e9s FFTir, d\u00e9couvrez le maniement d\u2019une arme de tir sportif en s\u00e9curit\u00e9. Puis, apprenez \u00e0 viser et \u00e0 l\u00e2cher votre coup dans de bonnes conditions. Carabine et pistolet \u00e0 10 m\u00e8tres, 25 m\u00e8tres, 50 m\u00e8tres, sont au programme avec des armes de comp\u00e9tition.<\/p>\n\n\n\n<p>Plusieurs formules au choix sur 2 stands de tir :<\/p>\n\n\n\n<p><strong>Stand du Rosemont<\/strong> : tir \u00e0 10 m\u00e8tres au plomb (carabine \/ pistolet). Groupe de 4 personnes minimum. Fourniture des armes de comp\u00e9tition, plombs, cartons et encadrement. Challenge individuel et par \u00e9quipe sont au programme. Possibilit\u00e9 de prolonger votre s\u00e9ance par un ap\u00e9ritif ou un repas. <\/p>\n\n\n\n<p><strong>Stand du Fort de Chaudanne<\/strong> : tir \u00e0 25 m\u00e8tres au pistolet &amp; revolver (22lr, 38 Sp\u00e9cial, 9mm) et \/ ou \u00e0 50 m\u00e8tres \u00e0 la carabine 22lr. Groupe de 6 personnes minimum pour l\u2019initiation aux armes&nbsp; feu. Une bonne id\u00e9e de cadeau de No\u00ebl. Pr\u00eat des armes, des protections oculaires et auditives, des cibles et munitions compris dans le prix de la s\u00e9ance. Possibilit\u00e9 de prolonger votre s\u00e9ance par un ap\u00e9ritif, une collation ou un repas.  <\/p>\n\n\n\n<p><\/p>\n\n\n\n<p>T\u00e9l\u00e9chargez la brochure \u00ab\u00a0D\u00e9couverte individuelle adultes\u00a0\u00bb <\/p>\n\n\n\n<ul class=\"wp-container-1 wp-block-social-links has-icon-color has-icon-background-color\"><li style=\"color: #ffffff; background-color: #3962e3; \" class=\"wp-social-link wp-social-link-chain wp-block-social-link\"><a href=\"https:\/\/stbesancon.fr\/wp-content\/uploads\/2021\/11\/Affiche-seance-individuelle.pdf\"  class=\"wp-block-social-link-anchor\"><svg width=\"24\" height=\"24\" viewBox=\"0 0 24 24\" version=\"1.1\" xmlns=\"http:\/\/www.w3.org\/2000\/svg\" aria-hidden=\"true\" focusable=\"false\"><path d=\"M19.647,16.706a1.134,1.134,0,0,0-.343-.833l-2.549-2.549a1.134,1.134,0,0,0-.833-.343,1.168,1.168,0,0,0-.883.392l.233.226q.2.189.264.264a2.922,2.922,0,0,1,.184.233.986.986,0,0,1,.159.312,1.242,1.242,0,0,1,.043.337,1.172,1.172,0,0,1-1.176,1.176,1.237,1.237,0,0,1-.337-.043,1,1,0,0,1-.312-.159,2.76,2.76,0,0,1-.233-.184q-.073-.068-.264-.264l-.226-.233a1.19,1.19,0,0,0-.4.895,1.134,1.134,0,0,0,.343.833L15.837,19.3a1.13,1.13,0,0,0,.833.331,1.18,1.18,0,0,0,.833-.318l1.8-1.789a1.12,1.12,0,0,0,.343-.821Zm-8.615-8.64a1.134,1.134,0,0,0-.343-.833L8.163,4.7a1.134,1.134,0,0,0-.833-.343,1.184,1.184,0,0,0-.833.331L4.7,6.473a1.12,1.12,0,0,0-.343.821,1.134,1.134,0,0,0,.343.833l2.549,2.549a1.13,1.13,0,0,0,.833.331,1.184,1.184,0,0,0,.883-.38L8.728,10.4q-.2-.189-.264-.264A2.922,2.922,0,0,1,8.28,9.9a.986.986,0,0,1-.159-.312,1.242,1.242,0,0,1-.043-.337A1.172,1.172,0,0,1,9.254,8.079a1.237,1.237,0,0,1,.337.043,1,1,0,0,1,.312.159,2.761,2.761,0,0,1,.233.184q.073.068.264.264l.226.233a1.19,1.19,0,0,0,.4-.895ZM22,16.706a3.343,3.343,0,0,1-1.042,2.488l-1.8,1.789a3.536,3.536,0,0,1-4.988-.025l-2.525-2.537a3.384,3.384,0,0,1-1.017-2.488,3.448,3.448,0,0,1,1.078-2.561l-1.078-1.078a3.434,3.434,0,0,1-2.549,1.078,3.4,3.4,0,0,1-2.5-1.029L3.029,9.794A3.4,3.4,0,0,1,2,7.294,3.343,3.343,0,0,1,3.042,4.806l1.8-1.789A3.384,3.384,0,0,1,7.331,2a3.357,3.357,0,0,1,2.5,1.042l2.525,2.537a3.384,3.384,0,0,1,1.017,2.488,3.448,3.448,0,0,1-1.078,2.561l1.078,1.078a3.551,3.551,0,0,1,5.049-.049l2.549,2.549A3.4,3.4,0,0,1,22,16.706Z\"><\/path><\/svg><span class=\"wp-block-social-link-label screen-reader-text\">Link<\/span><\/a><\/li><\/ul>\n\n\n\n<p>T\u00e9l\u00e9chargez la brochure \u00ab\u00a0D\u00e9couverte \u00ab\u00a0Groupes adultes\u00a0\u00bb : <\/p>\n\n\n\n<ul class=\"wp-container-2 wp-block-social-links has-icon-color has-icon-background-color\"><li style=\"color: #ffffff; background-color: #3962e3; \" class=\"wp-social-link wp-social-link-chain wp-block-social-link\"><a href=\"https:\/\/stbesancon.fr\/wp-content\/uploads\/2021\/11\/Affiche-seance-groupe.pdf\"  class=\"wp-block-social-link-anchor\"><svg width=\"24\" height=\"24\" viewBox=\"0 0 24 24\" version=\"1.1\" xmlns=\"http:\/\/www.w3.org\/2000\/svg\" aria-hidden=\"true\" focusable=\"false\"><path d=\"M19.647,16.706a1.134,1.134,0,0,0-.343-.833l-2.549-2.549a1.134,1.134,0,0,0-.833-.343,1.168,1.168,0,0,0-.883.392l.233.226q.2.189.264.264a2.922,2.922,0,0,1,.184.233.986.986,0,0,1,.159.312,1.242,1.242,0,0,1,.043.337,1.172,1.172,0,0,1-1.176,1.176,1.237,1.237,0,0,1-.337-.043,1,1,0,0,1-.312-.159,2.76,2.76,0,0,1-.233-.184q-.073-.068-.264-.264l-.226-.233a1.19,1.19,0,0,0-.4.895,1.134,1.134,0,0,0,.343.833L15.837,19.3a1.13,1.13,0,0,0,.833.331,1.18,1.18,0,0,0,.833-.318l1.8-1.789a1.12,1.12,0,0,0,.343-.821Zm-8.615-8.64a1.134,1.134,0,0,0-.343-.833L8.163,4.7a1.134,1.134,0,0,0-.833-.343,1.184,1.184,0,0,0-.833.331L4.7,6.473a1.12,1.12,0,0,0-.343.821,1.134,1.134,0,0,0,.343.833l2.549,2.549a1.13,1.13,0,0,0,.833.331,1.184,1.184,0,0,0,.883-.38L8.728,10.4q-.2-.189-.264-.264A2.922,2.922,0,0,1,8.28,9.9a.986.986,0,0,1-.159-.312,1.242,1.242,0,0,1-.043-.337A1.172,1.172,0,0,1,9.254,8.079a1.237,1.237,0,0,1,.337.043,1,1,0,0,1,.312.159,2.761,2.761,0,0,1,.233.184q.073.068.264.264l.226.233a1.19,1.19,0,0,0,.4-.895ZM22,16.706a3.343,3.343,0,0,1-1.042,2.488l-1.8,1.789a3.536,3.536,0,0,1-4.988-.025l-2.525-2.537a3.384,3.384,0,0,1-1.017-2.488,3.448,3.448,0,0,1,1.078-2.561l-1.078-1.078a3.434,3.434,0,0,1-2.549,1.078,3.4,3.4,0,0,1-2.5-1.029L3.029,9.794A3.4,3.4,0,0,1,2,7.294,3.343,3.343,0,0,1,3.042,4.806l1.8-1.789A3.384,3.384,0,0,1,7.331,2a3.357,3.357,0,0,1,2.5,1.042l2.525,2.537a3.384,3.384,0,0,1,1.017,2.488,3.448,3.448,0,0,1-1.078,2.561l1.078,1.078a3.551,3.551,0,0,1,5.049-.049l2.549,2.549A3.4,3.4,0,0,1,22,16.706Z\"><\/path><\/svg><span class=\"wp-block-social-link-label screen-reader-text\">Link<\/span><\/a><\/li><\/ul>\n\n\n\n<p><\/p>\n\n\n\n<p>Renseignements aupr\u00e8s de l&rsquo;animateur : <a href=\"mailto:depc25@gmail.com\">stb.animation@orange.fr<\/a> <\/p>\n\n\n\n<p><\/p>\n","protected":false},"excerpt":{"rendered":"<p>Vous recherchez une activit\u00e9 pour cr\u00e9er un moment ludique au sein de votre entreprise? Comit\u00e9 d\u2019entreprise, responsable d\u2019une soci\u00e9t\u00e9, repr\u00e9sentant d\u2019un groupe d\u2019amis ou familial, venez faire une s\u00e9ance d&rsquo;initiation au tir sportif. Encadr\u00e9s par des moniteurs dipl\u00f4m\u00e9s FFTir, d\u00e9couvrez le maniement d\u2019une arme de tir sportif en s\u00e9curit\u00e9. Puis, apprenez \u00e0 viser et \u00e0&hellip; <br \/> <a class=\"button small blue\" href=\"https:\/\/stbesancon.fr\/?p=1963\">Lire la suite<\/a><\/p>\n","protected":false},"author":1,"featured_media":0,"comment_status":"open","ping_status":"open","sticky":false,"template":"","format":"standard","meta":[],"categories":[15],"tags":[],"yoast_head":"<!-- This site is optimized with the Yoast SEO plugin v20.6 - https:\/\/yoast.com\/wordpress\/plugins\/seo\/ -->\n<title>S\u00e9ances de d\u00e9couverte du tir sportif - Soci\u00e9t\u00e9 de Tir de Besan\u00e7on<\/title>\n<meta name=\"description\" content=\"tir d\u00e9couverte individuel groupe Besan\u00e7on pistolet carabine arme a feu air comprim\u00e9 10 m\u00e8tres anniversaire comit\u00e9 d&#039;entreprise\" \/>\n<meta name=\"robots\" content=\"index, follow, max-snippet:-1, max-image-preview:large, max-video-preview:-1\" \/>\n<link rel=\"canonical\" href=\"https:\/\/stbesancon.fr\/?p=1963\" \/>\n<meta property=\"og:locale\" content=\"fr_FR\" \/>\n<meta property=\"og:type\" content=\"article\" \/>\n<meta property=\"og:title\" content=\"S\u00e9ances de d\u00e9couverte du tir sportif - Soci\u00e9t\u00e9 de Tir de Besan\u00e7on\" \/>\n<meta property=\"og:description\" content=\"tir d\u00e9couverte individuel groupe Besan\u00e7on pistolet carabine arme a feu air comprim\u00e9 10 m\u00e8tres anniversaire comit\u00e9 d&#039;entreprise\" \/>\n<meta property=\"og:url\" content=\"https:\/\/stbesancon.fr\/?p=1963\" \/>\n<meta property=\"og:site_name\" content=\"Soci\u00e9t\u00e9 de Tir de Besan\u00e7on\" \/>\n<meta property=\"article:published_time\" content=\"2021-11-01T22:19:23+00:00\" \/>\n<meta property=\"article:modified_time\" content=\"2025-02-20T12:36:47+00:00\" \/>\n<meta name=\"author\" content=\"STB\" \/>\n<meta name=\"twitter:card\" content=\"summary_large_image\" \/>\n<meta name=\"twitter:label1\" content=\"\u00c9crit par\" \/>\n\t<meta name=\"twitter:data1\" content=\"STB\" \/>\n\t<meta name=\"twitter:label2\" content=\"Dur\u00e9e de lecture estim\u00e9e\" \/>\n\t<meta name=\"twitter:data2\" content=\"2 minutes\" \/>\n<script type=\"application\/ld+json\" class=\"yoast-schema-graph\">{\"@context\":\"https:\/\/schema.org\",\"@graph\":[{\"@type\":\"Article\",\"@id\":\"https:\/\/stbesancon.fr\/?p=1963#article\",\"isPartOf\":{\"@id\":\"https:\/\/stbesancon.fr\/?p=1963\"},\"author\":{\"name\":\"STB\",\"@id\":\"https:\/\/stbesancon.fr\/#\/schema\/person\/cd0df10e0cb3b290f9b09db970470768\"},\"headline\":\"S\u00e9ances de d\u00e9couverte du tir sportif\",\"datePublished\":\"2021-11-01T22:19:23+00:00\",\"dateModified\":\"2025-02-20T12:36:47+00:00\",\"mainEntityOfPage\":{\"@id\":\"https:\/\/stbesancon.fr\/?p=1963\"},\"wordCount\":260,\"commentCount\":0,\"publisher\":{\"@id\":\"https:\/\/stbesancon.fr\/#organization\"},\"articleSection\":[\"Animations\"],\"inLanguage\":\"fr-FR\",\"potentialAction\":[{\"@type\":\"CommentAction\",\"name\":\"Comment\",\"target\":[\"https:\/\/stbesancon.fr\/?p=1963#respond\"]}]},{\"@type\":\"WebPage\",\"@id\":\"https:\/\/stbesancon.fr\/?p=1963\",\"url\":\"https:\/\/stbesancon.fr\/?p=1963\",\"name\":\"S\u00e9ances de d\u00e9couverte du tir sportif - Soci\u00e9t\u00e9 de Tir de Besan\u00e7on\",\"isPartOf\":{\"@id\":\"https:\/\/stbesancon.fr\/#website\"},\"datePublished\":\"2021-11-01T22:19:23+00:00\",\"dateModified\":\"2025-02-20T12:36:47+00:00\",\"description\":\"tir d\u00e9couverte individuel groupe Besan\u00e7on pistolet carabine arme a feu air comprim\u00e9 10 m\u00e8tres anniversaire comit\u00e9 d'entreprise\",\"breadcrumb\":{\"@id\":\"https:\/\/stbesancon.fr\/?p=1963#breadcrumb\"},\"inLanguage\":\"fr-FR\",\"potentialAction\":[{\"@type\":\"ReadAction\",\"target\":[\"https:\/\/stbesancon.fr\/?p=1963\"]}]},{\"@type\":\"BreadcrumbList\",\"@id\":\"https:\/\/stbesancon.fr\/?p=1963#breadcrumb\",\"itemListElement\":[{\"@type\":\"ListItem\",\"position\":1,\"name\":\"Accueil\",\"item\":\"https:\/\/stbesancon.fr\/\"},{\"@type\":\"ListItem\",\"position\":2,\"name\":\"S\u00e9ances de d\u00e9couverte du tir sportif\"}]},{\"@type\":\"WebSite\",\"@id\":\"https:\/\/stbesancon.fr\/#website\",\"url\":\"https:\/\/stbesancon.fr\/\",\"name\":\"Soci\u00e9t\u00e9 de Tir de Besan\u00e7on\",\"description\":\"Club de tir sportif du Grand Besan\u00e7on\",\"publisher\":{\"@id\":\"https:\/\/stbesancon.fr\/#organization\"},\"potentialAction\":[{\"@type\":\"SearchAction\",\"target\":{\"@type\":\"EntryPoint\",\"urlTemplate\":\"https:\/\/stbesancon.fr\/?s={search_term_string}\"},\"query-input\":\"required name=search_term_string\"}],\"inLanguage\":\"fr-FR\"},{\"@type\":\"Organization\",\"@id\":\"https:\/\/stbesancon.fr\/#organization\",\"name\":\"Soci\u00e9t\u00e9 de Tir de besan\u00e7on\",\"url\":\"https:\/\/stbesancon.fr\/\",\"logo\":{\"@type\":\"ImageObject\",\"inLanguage\":\"fr-FR\",\"@id\":\"https:\/\/stbesancon.fr\/#\/schema\/logo\/image\/\",\"url\":\"https:\/\/stbesancon.fr\/wp-content\/uploads\/2018\/02\/LOGOSTB2small2.png\",\"contentUrl\":\"https:\/\/stbesancon.fr\/wp-content\/uploads\/2018\/02\/LOGOSTB2small2.png\",\"width\":180,\"height\":177,\"caption\":\"Soci\u00e9t\u00e9 de Tir de besan\u00e7on\"},\"image\":{\"@id\":\"https:\/\/stbesancon.fr\/#\/schema\/logo\/image\/\"}},{\"@type\":\"Person\",\"@id\":\"https:\/\/stbesancon.fr\/#\/schema\/person\/cd0df10e0cb3b290f9b09db970470768\",\"name\":\"STB\",\"image\":{\"@type\":\"ImageObject\",\"inLanguage\":\"fr-FR\",\"@id\":\"https:\/\/stbesancon.fr\/#\/schema\/person\/image\/\",\"url\":\"https:\/\/secure.gravatar.com\/avatar\/fa082c49afd4f56cb6ef6ef72d0db727?s=96&d=mm&r=g\",\"contentUrl\":\"https:\/\/secure.gravatar.com\/avatar\/fa082c49afd4f56cb6ef6ef72d0db727?s=96&d=mm&r=g\",\"caption\":\"STB\"}}]}<\/script>\n<!-- \/ Yoast SEO plugin. -->","yoast_head_json":{"title":"S\u00e9ances de d\u00e9couverte du tir sportif - Soci\u00e9t\u00e9 de Tir de Besan\u00e7on","description":"tir d\u00e9couverte individuel groupe Besan\u00e7on pistolet carabine arme a feu air comprim\u00e9 10 m\u00e8tres anniversaire comit\u00e9 d'entreprise","robots":{"index":"index","follow":"follow","max-snippet":"max-snippet:-1","max-image-preview":"max-image-preview:large","max-video-preview":"max-video-preview:-1"},"canonical":"https:\/\/stbesancon.fr\/?p=1963","og_locale":"fr_FR","og_type":"article","og_title":"S\u00e9ances de d\u00e9couverte du tir sportif - Soci\u00e9t\u00e9 de Tir de Besan\u00e7on","og_description":"tir d\u00e9couverte individuel groupe Besan\u00e7on pistolet carabine arme a feu air comprim\u00e9 10 m\u00e8tres anniversaire comit\u00e9 d'entreprise","og_url":"https:\/\/stbesancon.fr\/?p=1963","og_site_name":"Soci\u00e9t\u00e9 de Tir de Besan\u00e7on","article_published_time":"2021-11-01T22:19:23+00:00","article_modified_time":"2025-02-20T12:36:47+00:00","author":"STB","twitter_card":"summary_large_image","twitter_misc":{"\u00c9crit par":"STB","Dur\u00e9e de lecture estim\u00e9e":"2 minutes"},"schema":{"@context":"https:\/\/schema.org","@graph":[{"@type":"Article","@id":"https:\/\/stbesancon.fr\/?p=1963#article","isPartOf":{"@id":"https:\/\/stbesancon.fr\/?p=1963"},"author":{"name":"STB","@id":"https:\/\/stbesancon.fr\/#\/schema\/person\/cd0df10e0cb3b290f9b09db970470768"},"headline":"S\u00e9ances de d\u00e9couverte du tir sportif","datePublished":"2021-11-01T22:19:23+00:00","dateModified":"2025-02-20T12:36:47+00:00","mainEntityOfPage":{"@id":"https:\/\/stbesancon.fr\/?p=1963"},"wordCount":260,"commentCount":0,"publisher":{"@id":"https:\/\/stbesancon.fr\/#organization"},"articleSection":["Animations"],"inLanguage":"fr-FR","potentialAction":[{"@type":"CommentAction","name":"Comment","target":["https:\/\/stbesancon.fr\/?p=1963#respond"]}]},{"@type":"WebPage","@id":"https:\/\/stbesancon.fr\/?p=1963","url":"https:\/\/stbesancon.fr\/?p=1963","name":"S\u00e9ances de d\u00e9couverte du tir sportif - Soci\u00e9t\u00e9 de Tir de Besan\u00e7on","isPartOf":{"@id":"https:\/\/stbesancon.fr\/#website"},"datePublished":"2021-11-01T22:19:23+00:00","dateModified":"2025-02-20T12:36:47+00:00","description":"tir d\u00e9couverte individuel groupe Besan\u00e7on pistolet carabine arme a feu air comprim\u00e9 10 m\u00e8tres anniversaire comit\u00e9 d'entreprise","breadcrumb":{"@id":"https:\/\/stbesancon.fr\/?p=1963#breadcrumb"},"inLanguage":"fr-FR","potentialAction":[{"@type":"ReadAction","target":["https:\/\/stbesancon.fr\/?p=1963"]}]},{"@type":"BreadcrumbList","@id":"https:\/\/stbesancon.fr\/?p=1963#breadcrumb","itemListElement":[{"@type":"ListItem","position":1,"name":"Accueil","item":"https:\/\/stbesancon.fr\/"},{"@type":"ListItem","position":2,"name":"S\u00e9ances de d\u00e9couverte du tir sportif"}]},{"@type":"WebSite","@id":"https:\/\/stbesancon.fr\/#website","url":"https:\/\/stbesancon.fr\/","name":"Soci\u00e9t\u00e9 de Tir de Besan\u00e7on","description":"Club de tir sportif du Grand Besan\u00e7on","publisher":{"@id":"https:\/\/stbesancon.fr\/#organization"},"potentialAction":[{"@type":"SearchAction","target":{"@type":"EntryPoint","urlTemplate":"https:\/\/stbesancon.fr\/?s={search_term_string}"},"query-input":"required name=search_term_string"}],"inLanguage":"fr-FR"},{"@type":"Organization","@id":"https:\/\/stbesancon.fr\/#organization","name":"Soci\u00e9t\u00e9 de Tir de besan\u00e7on","url":"https:\/\/stbesancon.fr\/","logo":{"@type":"ImageObject","inLanguage":"fr-FR","@id":"https:\/\/stbesancon.fr\/#\/schema\/logo\/image\/","url":"https:\/\/stbesancon.fr\/wp-content\/uploads\/2018\/02\/LOGOSTB2small2.png","contentUrl":"https:\/\/stbesancon.fr\/wp-content\/uploads\/2018\/02\/LOGOSTB2small2.png","width":180,"height":177,"caption":"Soci\u00e9t\u00e9 de Tir de besan\u00e7on"},"image":{"@id":"https:\/\/stbesancon.fr\/#\/schema\/logo\/image\/"}},{"@type":"Person","@id":"https:\/\/stbesancon.fr\/#\/schema\/person\/cd0df10e0cb3b290f9b09db970470768","name":"STB","image":{"@type":"ImageObject","inLanguage":"fr-FR","@id":"https:\/\/stbesancon.fr\/#\/schema\/person\/image\/","url":"https:\/\/secure.gravatar.com\/avatar\/fa082c49afd4f56cb6ef6ef72d0db727?s=96&d=mm&r=g","contentUrl":"https:\/\/secure.gravatar.com\/avatar\/fa082c49afd4f56cb6ef6ef72d0db727?s=96&d=mm&r=g","caption":"STB"}}]}},"_links":{"self":[{"href":"https:\/\/stbesancon.fr\/index.php?rest_route=\/wp\/v2\/posts\/1963"}],"collection":[{"href":"https:\/\/stbesancon.fr\/index.php?rest_route=\/wp\/v2\/posts"}],"about":[{"href":"https:\/\/stbesancon.fr\/index.php?rest_route=\/wp\/v2\/types\/post"}],"author":[{"embeddable":true,"href":"https:\/\/stbesancon.fr\/index.php?rest_route=\/wp\/v2\/users\/1"}],"replies":[{"embeddable":true,"href":"https:\/\/stbesancon.fr\/index.php?rest_route=%2Fwp%2Fv2%2Fcomments&post=1963"}],"version-history":[{"count":11,"href":"https:\/\/stbesancon.fr\/index.php?rest_route=\/wp\/v2\/posts\/1963\/revisions"}],"predecessor-version":[{"id":2082,"href":"https:\/\/stbesancon.fr\/index.php?rest_route=\/wp\/v2\/posts\/1963\/revisions\/2082"}],"wp:attachment":[{"href":"https:\/\/stbesancon.fr\/index.php?rest_route=%2Fwp%2Fv2%2Fmedia&parent=1963"}],"wp:term":[{"taxonomy":"category","embeddable":true,"href":"https:\/\/stbesancon.fr\/index.php?rest_route=%2Fwp%2Fv2%2Fcategories&post=1963"},{"taxonomy":"post_tag","embeddable":true,"href":"https:\/\/stbesancon.fr\/index.php?rest_route=%2Fwp%2Fv2%2Ftags&post=1963"}],"curies":[{"name":"wp","href":"https:\/\/api.w.org\/{rel}","templated":true}]}}